{"id":9241,"date":"2020-05-26T14:00:07","date_gmt":"2020-05-26T13:00:07","guid":{"rendered":"https:\/\/www.todoinvitacion.com\/blog\/?p=9241"},"modified":"2020-07-23T20:52:22","modified_gmt":"2020-07-23T19:52:22","slug":"bolsas-personalizadas-para-mascarillas-cuida-de-los-tuyos","status":"publish","type":"post","link":"https:\/\/www.todoinvitacion.com\/blog\/bolsas-personalizadas-para-mascarillas-cuida-de-los-tuyos\/","title":{"rendered":"Porta mascarillas cart\u00f3n y bolsas personalizadas para mascarillas. La mejor forma de guardarlas"},"content":{"rendered":"<section class=\"wpb-content-wrapper\"><p>[vc_row full_width=\u00bbstretch_row\u00bb content_placement=\u00bbbottom\u00bb css=\u00bb.vc_custom_1530095862980{padding-bottom: 50px !important;}\u00bb][vc_column][vc_row_inner][vc_column_inner width=\u00bb1\/2&#8243;]<div class=\"ts-element-heading-wrapper ts-heading-inner ts-element-align-left ts-seperator-none \"><section class=\"ts-vc_cta3-container\"><div class=\"ts-vc_general ts-vc_cta3 ts-cta3-only ts-vc_cta3-style-classic ts-vc_cta3-shape-rounded ts-vc_cta3-align-left ts-vc_cta3-color-transparent ts-vc_cta3-icon-size-md ts-vc_cta3-actions-no ts-cta3-without-desc\"><div class=\"ts-vc_cta3_content-container\"><div class=\"ts-vc_cta3-content\"><div class=\"ts-vc_cta3-content-header ts-wrap\"><div class=\"ts-vc_cta3-headers ts-wrap-cell\"><h4 class=\"ts-custom-heading \" >Ellos son lo importante<\/h4>\n<h2 class=\"ts-custom-heading \" >Bolsas de papel para mascarillas. Personaliza tus mascarillas<\/h2>\n<\/div><\/div><\/div><\/div><\/div><\/section><\/div> <!-- .ts-element-heading-wrapper container --> [\/vc_column_inner][vc_column_inner el_class=\u00bbts-lead\u00bb width=\u00bb1\/2&#8243; css=\u00bb.vc_custom_1529583892350{padding-top: 40px !important;}\u00bb][vc_custom_heading text=\u00bbEstamos en un momento en las mascarillas son necesarias para hacer cualquier cosa. En tu negocio, empresa o evento. Las bolsas de papel son la soluci\u00f3n m\u00e1s higi\u00e9nica recomendada para guardarlas cuando no las uses.\u00bb font_container=\u00bbtag:div|font_size:16px|text_align:left|line_height:22px\u00bb use_theme_fonts=\u00bbyes\u00bb][\/vc_column_inner][\/vc_row_inner][vc_row_inner][vc_column_inner][vc_separator color=\u00bbcustom\u00bb accent_color=\u00bb#e5e5e5&#8243;][\/vc_column_inner][\/vc_row_inner][\/vc_column][\/vc_row][vc_row][vc_column][vc_column_text]Estamos en un momento en las mascarillas no faltan en ning\u00fan evento, negocio o empresa. Las necesitamos constantemente, son el nuevo complemento que todos hemos de llevar encima. Si tienes un negocio o evento, regalales bolsas de papel o porta mascarillas de cartulina para poder mantener la higiene de las mascarillas de la forma m\u00e1s segura.<\/p>\n<blockquote><p>La autoridades m\u00e9dicas recomiendan guardar las mascarillas cuando no se est\u00e9n usando en bolsas de papel ya que son transpirables. Lo apuntan como la recomendaci\u00f3n m\u00e1s segura e higi\u00e9nica.<\/p><\/blockquote>\n<p>\u00bfQue mejor forma de ofrecer esas mascarillas que con bolsas de papel personalizadas para la ocasi\u00f3n? Un bonito y simp\u00e1tico dise\u00f1o que dar\u00e1 una gran imagen a tu empresa o evento. Las bolsas de papel personalizadas porta mascarillas tienen un precio de 0,340\u20ac y se venden en pack de 10 unid.<\/p>\n<h4>Bolsas para mascarillas personalizadas para tu empresa o evento<\/h4>\n<p>Tan solo has de enviarnos tu logo o el texto que desees y nada m\u00e1s. Te personalizaremos tus bolsas para que la imagen de negocio o empresa sea de 10. Si tienes un evento durante estos meses de 2020, regala a los tuyos unas bolsas porta mascarillas, lo van a agradecer con toda seguridad. Las bolsas de papel transpirables son la forma recomendada de guardar tus mascarillas cuando no se est\u00e9n usando, ya sea cuando estes en una mesa de un bar, comiendo en un restaurante, o cuando necesites guardarla en el bolso. Puedes encargarlas aqu\u00ed: <a href=\"https:\/\/www.todoinvitacion.com\/categoria-producto\/complementos-bolsas-y-etiquetas\/porta-mascarillas-personalizados\/\">Todoinvitacion\/bolsas-y-fundas-porta-mascarillas<\/a><\/p>\n<div id='gallery-1' class='gallery galleryid-9241 gallery-columns-2 gallery-size-large'><figure class='gallery-item'>\n\t\t\t<div class='gallery-icon portrait'>\n\t\t\t\t<img loading=\"lazy\" decoding=\"async\" width=\"700\" height=\"950\" src=\"https:\/\/www.todoinvitacion.com\/blog\/wp-content\/uploads\/2020\/05\/bolsa-personalizada-mascarilla-1.jpg\" class=\"attachment-large size-large\" alt=\"bolsas personalizadas mascarillas\" srcset=\"https:\/\/www.todoinvitacion.com\/blog\/wp-content\/uploads\/2020\/05\/bolsa-personalizada-mascarilla-1.jpg 700w, https:\/\/www.todoinvitacion.com\/blog\/wp-content\/uploads\/2020\/05\/bolsa-personalizada-mascarilla-1-221x300.jpg 221w\" sizes=\"auto, (max-width: 700px) 100vw, 700px\" data-id=\"9242\" \/>\n\t\t\t<\/div><\/figure><figure class='gallery-item'>\n\t\t\t<div class='gallery-icon portrait'>\n\t\t\t\t<img loading=\"lazy\" decoding=\"async\" width=\"700\" height=\"950\" src=\"https:\/\/www.todoinvitacion.com\/blog\/wp-content\/uploads\/2020\/05\/bolsa-personalizada-mascarilla-8.jpg\" class=\"attachment-large size-large\" alt=\"bolsas porta mascarillas personalizada\" srcset=\"https:\/\/www.todoinvitacion.com\/blog\/wp-content\/uploads\/2020\/05\/bolsa-personalizada-mascarilla-8.jpg 700w, https:\/\/www.todoinvitacion.com\/blog\/wp-content\/uploads\/2020\/05\/bolsa-personalizada-mascarilla-8-221x300.jpg 221w\" sizes=\"auto, (max-width: 700px) 100vw, 700px\" data-id=\"9249\" \/>\n\t\t\t<\/div><\/figure><figure class='gallery-item'>\n\t\t\t<div class='gallery-icon portrait'>\n\t\t\t\t<img loading=\"lazy\" decoding=\"async\" width=\"700\" height=\"950\" src=\"https:\/\/www.todoinvitacion.com\/blog\/wp-content\/uploads\/2020\/05\/bolsa-personalizada-mascarilla-3.jpg\" class=\"attachment-large size-large\" alt=\"bolsas porta mascarillas personalizada\" srcset=\"https:\/\/www.todoinvitacion.com\/blog\/wp-content\/uploads\/2020\/05\/bolsa-personalizada-mascarilla-3.jpg 700w, https:\/\/www.todoinvitacion.com\/blog\/wp-content\/uploads\/2020\/05\/bolsa-personalizada-mascarilla-3-221x300.jpg 221w\" sizes=\"auto, (max-width: 700px) 100vw, 700px\" data-id=\"9244\" \/>\n\t\t\t<\/div><\/figure><figure class='gallery-item'>\n\t\t\t<div class='gallery-icon portrait'>\n\t\t\t\t<img loading=\"lazy\" decoding=\"async\" width=\"700\" height=\"950\" src=\"https:\/\/www.todoinvitacion.com\/blog\/wp-content\/uploads\/2020\/05\/bolsa-personalizada-mascarilla-4.jpg\" class=\"attachment-large size-large\" alt=\"bolsas porta mascarillas personalizada\" srcset=\"https:\/\/www.todoinvitacion.com\/blog\/wp-content\/uploads\/2020\/05\/bolsa-personalizada-mascarilla-4.jpg 700w, https:\/\/www.todoinvitacion.com\/blog\/wp-content\/uploads\/2020\/05\/bolsa-personalizada-mascarilla-4-221x300.jpg 221w\" sizes=\"auto, (max-width: 700px) 100vw, 700px\" data-id=\"9245\" \/>\n\t\t\t<\/div><\/figure>\n\t\t<\/div>\n\n<h4>Bolsas para mascarillas personalizadas para tu evento<\/h4>\n<p>\u00bfVas a tener un evento, una comuni\u00f3n o una boda? En estos momento es imprescindible ofrecerles mascarillas. Reg\u00e1laselas con una bolsa con los datos de tu boda o evento.<\/p>\n<div id='gallery-2' class='gallery galleryid-9241 gallery-columns-2 gallery-size-large'><figure class='gallery-item'>\n\t\t\t<div class='gallery-icon portrait'>\n\t\t\t\t<img loading=\"lazy\" decoding=\"async\" width=\"700\" height=\"950\" src=\"https:\/\/www.todoinvitacion.com\/blog\/wp-content\/uploads\/2020\/05\/bolsa-personalizada-mascarilla-7.jpg\" class=\"attachment-large size-large\" alt=\"bolsas ara mascarillas personalizadas\" srcset=\"https:\/\/www.todoinvitacion.com\/blog\/wp-content\/uploads\/2020\/05\/bolsa-personalizada-mascarilla-7.jpg 700w, https:\/\/www.todoinvitacion.com\/blog\/wp-content\/uploads\/2020\/05\/bolsa-personalizada-mascarilla-7-221x300.jpg 221w\" sizes=\"auto, (max-width: 700px) 100vw, 700px\" data-id=\"9248\" \/>\n\t\t\t<\/div><\/figure><figure class='gallery-item'>\n\t\t\t<div class='gallery-icon portrait'>\n\t\t\t\t<img loading=\"lazy\" decoding=\"async\" width=\"700\" height=\"950\" src=\"https:\/\/www.todoinvitacion.com\/blog\/wp-content\/uploads\/2020\/05\/bolsa-personalizada-mascarilla-10.jpg\" class=\"attachment-large size-large\" alt=\"bolsas ara mascarillas personalizadas\" srcset=\"https:\/\/www.todoinvitacion.com\/blog\/wp-content\/uploads\/2020\/05\/bolsa-personalizada-mascarilla-10.jpg 700w, https:\/\/www.todoinvitacion.com\/blog\/wp-content\/uploads\/2020\/05\/bolsa-personalizada-mascarilla-10-221x300.jpg 221w\" sizes=\"auto, (max-width: 700px) 100vw, 700px\" data-id=\"9251\" \/>\n\t\t\t<\/div><\/figure><figure class='gallery-item'>\n\t\t\t<div class='gallery-icon portrait'>\n\t\t\t\t<img loading=\"lazy\" decoding=\"async\" width=\"700\" height=\"1000\" src=\"https:\/\/www.todoinvitacion.com\/blog\/wp-content\/uploads\/2020\/05\/bolsa-papel-mascarillas-personalizada-12.jpg\" class=\"attachment-large size-large\" alt=\"bolsas porta mascarillas personalizada\" srcset=\"https:\/\/www.todoinvitacion.com\/blog\/wp-content\/uploads\/2020\/05\/bolsa-papel-mascarillas-personalizada-12.jpg 700w, https:\/\/www.todoinvitacion.com\/blog\/wp-content\/uploads\/2020\/05\/bolsa-papel-mascarillas-personalizada-12-210x300.jpg 210w\" sizes=\"auto, (max-width: 700px) 100vw, 700px\" data-id=\"9274\" \/>\n\t\t\t<\/div><\/figure><figure class='gallery-item'>\n\t\t\t<div class='gallery-icon portrait'>\n\t\t\t\t<img loading=\"lazy\" decoding=\"async\" width=\"700\" height=\"1000\" src=\"https:\/\/www.todoinvitacion.com\/blog\/wp-content\/uploads\/2020\/05\/bolsa-papel-mascarillas-personalizada-20.jpg\" class=\"attachment-large size-large\" alt=\"bolsas porta mascarillas personalizada\" srcset=\"https:\/\/www.todoinvitacion.com\/blog\/wp-content\/uploads\/2020\/05\/bolsa-papel-mascarillas-personalizada-20.jpg 700w, https:\/\/www.todoinvitacion.com\/blog\/wp-content\/uploads\/2020\/05\/bolsa-papel-mascarillas-personalizada-20-210x300.jpg 210w\" sizes=\"auto, (max-width: 700px) 100vw, 700px\" data-id=\"9275\" \/>\n\t\t\t<\/div><\/figure><figure class='gallery-item'>\n\t\t\t<div class='gallery-icon portrait'>\n\t\t\t\t<img loading=\"lazy\" decoding=\"async\" width=\"700\" height=\"1000\" src=\"https:\/\/www.todoinvitacion.com\/blog\/wp-content\/uploads\/2020\/05\/bolsa-papel-mascarillas-personalizada-22.jpg\" class=\"attachment-large size-large\" alt=\"bolsas porta mascarillas personalizada\" srcset=\"https:\/\/www.todoinvitacion.com\/blog\/wp-content\/uploads\/2020\/05\/bolsa-papel-mascarillas-personalizada-22.jpg 700w, https:\/\/www.todoinvitacion.com\/blog\/wp-content\/uploads\/2020\/05\/bolsa-papel-mascarillas-personalizada-22-210x300.jpg 210w\" sizes=\"auto, (max-width: 700px) 100vw, 700px\" data-id=\"9276\" \/>\n\t\t\t<\/div><\/figure><figure class='gallery-item'>\n\t\t\t<div class='gallery-icon portrait'>\n\t\t\t\t<img loading=\"lazy\" decoding=\"async\" width=\"700\" height=\"1000\" src=\"https:\/\/www.todoinvitacion.com\/blog\/wp-content\/uploads\/2020\/05\/bolsa-papel-mascarillas-personalizada-24.jpg\" class=\"attachment-large size-large\" alt=\"bolsas porta mascarillas personalizada\" srcset=\"https:\/\/www.todoinvitacion.com\/blog\/wp-content\/uploads\/2020\/05\/bolsa-papel-mascarillas-personalizada-24.jpg 700w, https:\/\/www.todoinvitacion.com\/blog\/wp-content\/uploads\/2020\/05\/bolsa-papel-mascarillas-personalizada-24-210x300.jpg 210w\" sizes=\"auto, (max-width: 700px) 100vw, 700px\" data-id=\"9277\" \/>\n\t\t\t<\/div><\/figure>\n\t\t<\/div>\n\n<h4>Porta mascarillas plegables de cart\u00f3n<\/h4>\n<p>Una forma sencilla y supercomoda de guardar tu mascarilla en bolso o el bolsillo. Sencillo y r\u00e1pido. El cart\u00f3n es un material transpirable por eso lo aconsejan a la vez que las bolsas de papel. Puedes compararlo personalizado o sin personalizar, como tu desees. Hay un mont\u00f3n de modelos y estampados. Las puedes comprar desde s\u00f3lo 0,50\u20ac. Puedes encargarlas aqu\u00ed: <a href=\"https:\/\/www.todoinvitacion.com\/categoria-producto\/complementos-bolsas-y-etiquetas\/porta-mascarillas-personalizados\/\">Todoinvitacion\/bolsas-y-fundas-porta-mascarillas<\/a><\/p>\n<div id='gallery-3' class='gallery galleryid-9241 gallery-columns-2 gallery-size-large'><figure class='gallery-item'>\n\t\t\t<div class='gallery-icon portrait'>\n\t\t\t\t<img loading=\"lazy\" decoding=\"async\" width=\"700\" height=\"1000\" src=\"https:\/\/www.todoinvitacion.com\/blog\/wp-content\/uploads\/2020\/05\/porta-mascarillas-carton-estampado-7.jpg\" class=\"attachment-large size-large\" alt=\"porta mascarillas cart\u00f3n plegable para el bolso\" srcset=\"https:\/\/www.todoinvitacion.com\/blog\/wp-content\/uploads\/2020\/05\/porta-mascarillas-carton-estampado-7.jpg 700w, https:\/\/www.todoinvitacion.com\/blog\/wp-content\/uploads\/2020\/05\/porta-mascarillas-carton-estampado-7-210x300.jpg 210w\" sizes=\"auto, (max-width: 700px) 100vw, 700px\" data-id=\"9288\" \/>\n\t\t\t<\/div><\/figure><figure class='gallery-item'>\n\t\t\t<div class='gallery-icon portrait'>\n\t\t\t\t<img loading=\"lazy\" decoding=\"async\" width=\"700\" height=\"1000\" src=\"https:\/\/www.todoinvitacion.com\/blog\/wp-content\/uploads\/2020\/05\/porta-mascarillas-carton-estampado-4.jpg\" class=\"attachment-large size-large\" alt=\"porta mascarillas cart\u00f3n plegable para el bolso\" srcset=\"https:\/\/www.todoinvitacion.com\/blog\/wp-content\/uploads\/2020\/05\/porta-mascarillas-carton-estampado-4.jpg 700w, https:\/\/www.todoinvitacion.com\/blog\/wp-content\/uploads\/2020\/05\/porta-mascarillas-carton-estampado-4-210x300.jpg 210w\" sizes=\"auto, (max-width: 700px) 100vw, 700px\" data-id=\"9287\" \/>\n\t\t\t<\/div><\/figure><figure class='gallery-item'>\n\t\t\t<div class='gallery-icon portrait'>\n\t\t\t\t<img loading=\"lazy\" decoding=\"async\" width=\"700\" height=\"1000\" src=\"https:\/\/www.todoinvitacion.com\/blog\/wp-content\/uploads\/2020\/05\/porta-mascarillas-personalizado-carton-estampado-9.jpg\" class=\"attachment-large size-large\" alt=\"porta mascarillas cart\u00f3n plegable para el bolso\" srcset=\"https:\/\/www.todoinvitacion.com\/blog\/wp-content\/uploads\/2020\/05\/porta-mascarillas-personalizado-carton-estampado-9.jpg 700w, https:\/\/www.todoinvitacion.com\/blog\/wp-content\/uploads\/2020\/05\/porta-mascarillas-personalizado-carton-estampado-9-210x300.jpg 210w\" sizes=\"auto, (max-width: 700px) 100vw, 700px\" data-id=\"9286\" \/>\n\t\t\t<\/div><\/figure><figure class='gallery-item'>\n\t\t\t<div class='gallery-icon portrait'>\n\t\t\t\t<img loading=\"lazy\" decoding=\"async\" width=\"700\" height=\"1000\" src=\"https:\/\/www.todoinvitacion.com\/blog\/wp-content\/uploads\/2020\/05\/porta-mascarillas-personalizado-carton-estampado-5.jpg\" class=\"attachment-large size-large\" alt=\"porta mascarillas cart\u00f3n plegable para el bolso\" srcset=\"https:\/\/www.todoinvitacion.com\/blog\/wp-content\/uploads\/2020\/05\/porta-mascarillas-personalizado-carton-estampado-5.jpg 700w, https:\/\/www.todoinvitacion.com\/blog\/wp-content\/uploads\/2020\/05\/porta-mascarillas-personalizado-carton-estampado-5-210x300.jpg 210w\" sizes=\"auto, (max-width: 700px) 100vw, 700px\" data-id=\"9285\" \/>\n\t\t\t<\/div><\/figure><figure class='gallery-item'>\n\t\t\t<div class='gallery-icon portrait'>\n\t\t\t\t<img loading=\"lazy\" decoding=\"async\" width=\"700\" height=\"1000\" src=\"https:\/\/www.todoinvitacion.com\/blog\/wp-content\/uploads\/2020\/05\/porta-mascarillas-personalizado-carton-estampado-1.jpg\" class=\"attachment-large size-large\" alt=\"porta mascarillas cart\u00f3n plegable para el bolso\" srcset=\"https:\/\/www.todoinvitacion.com\/blog\/wp-content\/uploads\/2020\/05\/porta-mascarillas-personalizado-carton-estampado-1.jpg 700w, https:\/\/www.todoinvitacion.com\/blog\/wp-content\/uploads\/2020\/05\/porta-mascarillas-personalizado-carton-estampado-1-210x300.jpg 210w\" sizes=\"auto, (max-width: 700px) 100vw, 700px\" data-id=\"9284\" \/>\n\t\t\t<\/div><\/figure><figure class='gallery-item'>\n\t\t\t<div class='gallery-icon portrait'>\n\t\t\t\t<img loading=\"lazy\" decoding=\"async\" width=\"700\" height=\"1000\" src=\"https:\/\/www.todoinvitacion.com\/blog\/wp-content\/uploads\/2020\/05\/porta-mascarillas-carton-estampado-8.jpg\" class=\"attachment-large size-large\" alt=\"\" srcset=\"https:\/\/www.todoinvitacion.com\/blog\/wp-content\/uploads\/2020\/05\/porta-mascarillas-carton-estampado-8.jpg 700w, https:\/\/www.todoinvitacion.com\/blog\/wp-content\/uploads\/2020\/05\/porta-mascarillas-carton-estampado-8-210x300.jpg 210w\" sizes=\"auto, (max-width: 700px) 100vw, 700px\" data-id=\"9290\" \/>\n\t\t\t<\/div><\/figure>\n\t\t<\/div>\n\n<p>&nbsp;<\/p>\n<p>&nbsp;<\/p>\n<iframe loading=\"lazy\"  id=\"_ytid_38045\"  width=\"847\" height=\"476\"  data-origwidth=\"847\" data-origheight=\"476\" src=\"https:\/\/www.youtube.com\/embed\/P2uwR_zJMzQ?enablejsapi=1&autoplay=0&cc_load_policy=0&cc_lang_pref=&iv_load_policy=1&loop=0&rel=1&fs=1&playsinline=0&autohide=2&theme=dark&color=red&controls=1&disablekb=0&\" class=\"__youtube_prefs__  no-lazyload\" title=\"YouTube player\"  allow=\"fullscreen; accelerometer; autoplay; clipboard-write; encrypted-media; gyroscope; picture-in-picture; web-share\" referrerpolicy=\"strict-origin-when-cross-origin\" allowfullscreen data-no-lazy=\"1\" data-skipgform_ajax_framebjll=\"\"><\/iframe>\n<p>[\/vc_column_text][vc_row_inner css=\u00bb.vc_custom_1530094813912{padding-top: 20px !important;}\u00bb][vc_column_inner width=\u00bb1\/3&#8243;]\r\n\r\n<div class=\"ts-ihbox ts-ihbox-style-4 ts-ihbox-itype-icon \">\r\n\t<div class=\"ts-sbox-bgimage-layer ts-bgimage-layer\"><\/div>\r\n\t<div class=\"ts-ihbox-wrapper-bg-layer ts-bg-layer\"><\/div>\r\n\t\r\n\t<div class=\"ts-ihbox-inner\">\r\n\t\t<div class=\"ts-ihbox-icon ts-large-icon ts-icon-skincolor\">\r\n\t\t\t<div class=\"ts-ihbox-icon-wrapper\"><i class=\"themifyicon ti-alarm-clock\"><\/i><\/div>\t\t<\/div>\r\n\t\t\r\n\t\t<div class=\"ts-ihbox-big-number-text\">01<\/div>\t\t\r\n\t\t<div class=\"ts-ihbox-contents\">\r\n\t\t\t<div class=\"ts-vc_general ts-vc_cta3 ts-cta3-only ts-vc_cta3-style-classic ts-vc_cta3-shape-rounded ts-vc_cta3-align-left ts-vc_cta3-color-transparent ts-vc_cta3-icon-size-md ts-vc_cta3-actions-no ts-cta3-without-desc\"><div class=\"ts-vc_cta3_content-container\"><div class=\"ts-vc_cta3-content\"><div class=\"ts-vc_cta3-content-header ts-wrap\"><div class=\"ts-vc_cta3-headers ts-wrap-cell\"><h2 class=\"ts-custom-heading \"><a href=\"\">24\/7 Abiertos<\/a><\/h2>\n<h4 class=\"ts-custom-heading \"><a href=\"https:\/\/www.todoinvitacion.com\/\" target=\"_blank\" title=\"invitacioens y detalles originales\">Visita nuestra tienda online<\/a><\/h4>\n<\/div><\/div><\/div><\/div><\/div>\t\t\t<div class=\"ts-cta3-content-wrapper\">Entra nuestra tienda online abierta siempre para descubrir nuestras grandes ideas en invitaciones y regalos para invitados<\/div>\t\t\t\t\t<\/div><!-- .ts-ihbox-contents -->\r\n\t<\/div>\r\n\t\r\n<\/div>\r\n\r\n\r\n\r\n[\/vc_column_inner][vc_column_inner width=\u00bb1\/3&#8243;]\r\n\r\n<div class=\"ts-ihbox ts-ihbox-style-4 ts-ihbox-itype-icon \">\r\n\t<div class=\"ts-sbox-bgimage-layer ts-bgimage-layer\"><\/div>\r\n\t<div class=\"ts-ihbox-wrapper-bg-layer ts-bg-layer\"><\/div>\r\n\t\r\n\t<div class=\"ts-ihbox-inner\">\r\n\t\t<div class=\"ts-ihbox-icon ts-large-icon ts-icon-skincolor\">\r\n\t\t\t<div class=\"ts-ihbox-icon-wrapper\"><i class=\"themifyicon ti-user\"><\/i><\/div>\t\t<\/div>\r\n\t\t\r\n\t\t<div class=\"ts-ihbox-big-number-text\">02<\/div>\t\t\r\n\t\t<div class=\"ts-ihbox-contents\">\r\n\t\t\t<div class=\"ts-vc_general ts-vc_cta3 ts-cta3-only ts-vc_cta3-style-classic ts-vc_cta3-shape-rounded ts-vc_cta3-align-left ts-vc_cta3-color-transparent ts-vc_cta3-icon-size-md ts-vc_cta3-actions-no ts-cta3-without-desc\"><div class=\"ts-vc_cta3_content-container\"><div class=\"ts-vc_cta3-content\"><div class=\"ts-vc_cta3-content-header ts-wrap\"><div class=\"ts-vc_cta3-headers ts-wrap-cell\"><h2 class=\"ts-custom-heading \">Dise\u00f1adores profesionales<\/h2>\n<\/div><\/div><\/div><\/div><\/div>\t\t\t<div class=\"ts-cta3-content-wrapper\">Siempre con dise\u00f1adores profesionales, libres programas autom\u00e1ticos. Tu invitaci\u00f3n tratada con cari\u00f1o.<\/div>\t\t\t\t\t<\/div><!-- .ts-ihbox-contents -->\r\n\t<\/div>\r\n\t\r\n<\/div>\r\n\r\n\r\n\r\n[\/vc_column_inner][vc_column_inner width=\u00bb1\/3&#8243;]\r\n\r\n<div class=\"ts-ihbox ts-ihbox-style-4 ts-ihbox-itype-icon \">\r\n\t<div class=\"ts-sbox-bgimage-layer ts-bgimage-layer\"><\/div>\r\n\t<div class=\"ts-ihbox-wrapper-bg-layer ts-bg-layer\"><\/div>\r\n\t\r\n\t<div class=\"ts-ihbox-inner\">\r\n\t\t<div class=\"ts-ihbox-icon ts-large-icon ts-icon-skincolor\">\r\n\t\t\t<div class=\"ts-ihbox-icon-wrapper\"><i class=\"themifyicon ti-heart\"><\/i><\/div>\t\t<\/div>\r\n\t\t\r\n\t\t<div class=\"ts-ihbox-big-number-text\">03<\/div>\t\t\r\n\t\t<div class=\"ts-ihbox-contents\">\r\n\t\t\t<div class=\"ts-vc_general ts-vc_cta3 ts-cta3-only ts-vc_cta3-style-classic ts-vc_cta3-shape-rounded ts-vc_cta3-align-left ts-vc_cta3-color-transparent ts-vc_cta3-icon-size-md ts-vc_cta3-actions-no ts-cta3-without-desc\"><div class=\"ts-vc_cta3_content-container\"><div class=\"ts-vc_cta3-content\"><div class=\"ts-vc_cta3-content-header ts-wrap\"><div class=\"ts-vc_cta3-headers ts-wrap-cell\"><h2 class=\"ts-custom-heading \">Gran calidad<\/h2>\n<\/div><\/div><\/div><\/div><\/div>\t\t\t<div class=\"ts-cta3-content-wrapper\">S\u00f3lo utilizamos materiales de primera calidad. Nos esmeramos por ser los mejores.<\/div>\t\t\t\t\t<\/div><!-- .ts-ihbox-contents -->\r\n\t<\/div>\r\n\t\r\n<\/div>\r\n\r\n\r\n\r\n[\/vc_column_inner][\/vc_row_inner][\/vc_column][\/vc_row]<\/p>\n<\/section>","protected":false},"excerpt":{"rendered":"<p>[vc_row full_width=\u00bbstretch_row\u00bb content_placement=\u00bbbottom\u00bb css=\u00bb.vc_custom_1530095862980{padding-bottom: 50px !important;}\u00bb][vc_column][vc_row_inner][vc_column_inner width=\u00bb1\/2&#8243;][\/vc_column_inner][vc_column_inner el_class=\u00bbts-lead\u00bb width=\u00bb1\/2&#8243; css=\u00bb.vc_custom_1529583892350{padding-top: 40px !important;}\u00bb][vc_custom_heading text=\u00bbEstamos en un momento en las mascarillas son necesarias para hacer cualquier cosa. En tu negocio, empresa o evento. Las bolsas de papel son la soluci\u00f3n m\u00e1s higi\u00e9nica recomendada para guardarlas cuando no las uses.\u00bb font_container=\u00bbtag:div|font_size:16px|text_align:left|line_height:22px\u00bb use_theme_fonts=\u00bbyes\u00bb][\/vc_column_inner][\/vc_row_inner][vc_row_inner][vc_column_inner][vc_separator color=\u00bbcustom\u00bb accent_color=\u00bb#e5e5e5&#8243;][\/vc_column_inner][\/vc_row_inner][\/vc_column][\/vc_row][vc_row][vc_column][vc_column_text]Estamos en un momento en &hellip; <a href=\"https:\/\/www.todoinvitacion.com\/blog\/bolsas-personalizadas-para-mascarillas-cuida-de-los-tuyos\/\" class=\"more-link\">Continue reading <span class=\"screen-reader-text\">Porta mascarillas cart\u00f3n y bolsas personalizadas para mascarillas. La mejor forma de guardarlas<\/span><\/a><\/p>\n","protected":false},"author":17,"featured_media":9252,"comment_status":"closed","ping_status":"closed","sticky":false,"template":"","format":"standard","meta":{"om_disable_all_campaigns":false,"_monsterinsights_skip_tracking":false,"_monsterinsights_sitenote_active":false,"_monsterinsights_sitenote_note":"","_monsterinsights_sitenote_category":0,"footnotes":""},"categories":[156,153,160,159,1,154],"tags":[],"class_list":["post-9241","post","type-post","status-publish","format-standard","has-post-thumbnail","hentry","category-curiosidades","category-detalles-originales-invitados","category-detalles-originales-comunion-bautizo","category-detalles-originales-bodas","category-general","category-ideas-inspiracion"],"yoast_head":"<!-- This site is optimized with the Yoast SEO plugin v27.5 - https:\/\/yoast.com\/product\/yoast-seo-wordpress\/ -->\n<title>\u25b7 Porta mascarillas cart\u00f3n y bolsas personalizadas para mascarillas. La mejor forma de guardarlas<\/title>\n<meta name=\"description\" content=\"Bolsa de papel personalizadas para mascarillas y porta mascarillas con tu logo o tu texto \u2764\ufe0f. Protege a los tuyos. Todoinvitacion. Grandes ideas .\" \/>\n<meta name=\"robots\" content=\"index, follow, max-snippet:-1, max-image-preview:large, max-video-preview:-1\" \/>\n<link rel=\"canonical\" href=\"https:\/\/www.todoinvitacion.com\/blog\/bolsas-personalizadas-para-mascarillas-cuida-de-los-tuyos\/\" \/>\n<meta property=\"og:locale\" content=\"es_ES\" \/>\n<meta property=\"og:type\" content=\"article\" \/>\n<meta property=\"og:title\" content=\"\u25b7 Porta mascarillas cart\u00f3n y bolsas personalizadas para mascarillas. La mejor forma de guardarlas\" \/>\n<meta property=\"og:description\" content=\"Bolsa de papel personalizadas para mascarillas y porta mascarillas con tu logo o tu texto \u2764\ufe0f. Protege a los tuyos. Todoinvitacion. Grandes ideas .\" \/>\n<meta property=\"og:url\" content=\"https:\/\/www.todoinvitacion.com\/blog\/bolsas-personalizadas-para-mascarillas-cuida-de-los-tuyos\/\" \/>\n<meta property=\"og:site_name\" content=\"invitaciones y detalles originales\" \/>\n<meta property=\"article:publisher\" content=\"https:\/\/www.facebook.com\/todoinvitacion\" \/>\n<meta property=\"article:published_time\" content=\"2020-05-26T13:00:07+00:00\" \/>\n<meta property=\"article:modified_time\" content=\"2020-07-23T19:52:22+00:00\" \/>\n<meta property=\"og:image\" content=\"https:\/\/www.todoinvitacion.com\/blog\/wp-content\/uploads\/2020\/05\/bolsa-personalizada-mascarilla-15.jpg\" \/>\n\t<meta property=\"og:image:width\" content=\"850\" \/>\n\t<meta property=\"og:image:height\" content=\"350\" \/>\n\t<meta property=\"og:image:type\" content=\"image\/jpeg\" \/>\n<meta name=\"author\" content=\"AngelaMaria\" \/>\n<meta name=\"twitter:card\" content=\"summary_large_image\" \/>\n<meta name=\"twitter:creator\" content=\"@todoinvitacion\" \/>\n<meta name=\"twitter:site\" content=\"@todoinvitacion\" \/>\n<meta name=\"twitter:label1\" content=\"Escrito por\" \/>\n\t<meta name=\"twitter:data1\" content=\"AngelaMaria\" \/>\n\t<meta name=\"twitter:label2\" content=\"Tiempo de lectura\" \/>\n\t<meta name=\"twitter:data2\" content=\"4 minutos\" \/>\n<script type=\"application\/ld+json\" class=\"yoast-schema-graph\">{\"@context\":\"https:\\\/\\\/schema.org\",\"@graph\":[{\"@type\":\"Article\",\"@id\":\"https:\\\/\\\/www.todoinvitacion.com\\\/blog\\\/bolsas-personalizadas-para-mascarillas-cuida-de-los-tuyos\\\/#article\",\"isPartOf\":{\"@id\":\"https:\\\/\\\/www.todoinvitacion.com\\\/blog\\\/bolsas-personalizadas-para-mascarillas-cuida-de-los-tuyos\\\/\"},\"author\":{\"name\":\"AngelaMaria\",\"@id\":\"https:\\\/\\\/www.todoinvitacion.com\\\/blog\\\/#\\\/schema\\\/person\\\/c1b020963bffd2b54bf2611c90e74ed3\"},\"headline\":\"Porta mascarillas cart\u00f3n y bolsas personalizadas para mascarillas. La mejor forma de guardarlas\",\"datePublished\":\"2020-05-26T13:00:07+00:00\",\"dateModified\":\"2020-07-23T19:52:22+00:00\",\"mainEntityOfPage\":{\"@id\":\"https:\\\/\\\/www.todoinvitacion.com\\\/blog\\\/bolsas-personalizadas-para-mascarillas-cuida-de-los-tuyos\\\/\"},\"wordCount\":737,\"publisher\":{\"@id\":\"https:\\\/\\\/www.todoinvitacion.com\\\/blog\\\/#organization\"},\"image\":{\"@id\":\"https:\\\/\\\/www.todoinvitacion.com\\\/blog\\\/bolsas-personalizadas-para-mascarillas-cuida-de-los-tuyos\\\/#primaryimage\"},\"thumbnailUrl\":\"https:\\\/\\\/www.todoinvitacion.com\\\/blog\\\/wp-content\\\/uploads\\\/2020\\\/05\\\/bolsa-personalizada-mascarilla-15.jpg\",\"articleSection\":[\"Curiosidades\",\"Detalles originales\",\"Detalles para bautizo y comuni\u00f3n\",\"Detalles para boda\",\"General\",\"Ideas inspiraci\u00f3n\"],\"inLanguage\":\"es\"},{\"@type\":\"WebPage\",\"@id\":\"https:\\\/\\\/www.todoinvitacion.com\\\/blog\\\/bolsas-personalizadas-para-mascarillas-cuida-de-los-tuyos\\\/\",\"url\":\"https:\\\/\\\/www.todoinvitacion.com\\\/blog\\\/bolsas-personalizadas-para-mascarillas-cuida-de-los-tuyos\\\/\",\"name\":\"\u25b7 Porta mascarillas cart\u00f3n y bolsas personalizadas para mascarillas. La mejor forma de guardarlas\",\"isPartOf\":{\"@id\":\"https:\\\/\\\/www.todoinvitacion.com\\\/blog\\\/#website\"},\"primaryImageOfPage\":{\"@id\":\"https:\\\/\\\/www.todoinvitacion.com\\\/blog\\\/bolsas-personalizadas-para-mascarillas-cuida-de-los-tuyos\\\/#primaryimage\"},\"image\":{\"@id\":\"https:\\\/\\\/www.todoinvitacion.com\\\/blog\\\/bolsas-personalizadas-para-mascarillas-cuida-de-los-tuyos\\\/#primaryimage\"},\"thumbnailUrl\":\"https:\\\/\\\/www.todoinvitacion.com\\\/blog\\\/wp-content\\\/uploads\\\/2020\\\/05\\\/bolsa-personalizada-mascarilla-15.jpg\",\"datePublished\":\"2020-05-26T13:00:07+00:00\",\"dateModified\":\"2020-07-23T19:52:22+00:00\",\"description\":\"Bolsa de papel personalizadas para mascarillas y porta mascarillas con tu logo o tu texto \u2764\ufe0f. Protege a los tuyos. Todoinvitacion. Grandes ideas .\",\"breadcrumb\":{\"@id\":\"https:\\\/\\\/www.todoinvitacion.com\\\/blog\\\/bolsas-personalizadas-para-mascarillas-cuida-de-los-tuyos\\\/#breadcrumb\"},\"inLanguage\":\"es\",\"potentialAction\":[{\"@type\":\"ReadAction\",\"target\":[\"https:\\\/\\\/www.todoinvitacion.com\\\/blog\\\/bolsas-personalizadas-para-mascarillas-cuida-de-los-tuyos\\\/\"]}]},{\"@type\":\"ImageObject\",\"inLanguage\":\"es\",\"@id\":\"https:\\\/\\\/www.todoinvitacion.com\\\/blog\\\/bolsas-personalizadas-para-mascarillas-cuida-de-los-tuyos\\\/#primaryimage\",\"url\":\"https:\\\/\\\/www.todoinvitacion.com\\\/blog\\\/wp-content\\\/uploads\\\/2020\\\/05\\\/bolsa-personalizada-mascarilla-15.jpg\",\"contentUrl\":\"https:\\\/\\\/www.todoinvitacion.com\\\/blog\\\/wp-content\\\/uploads\\\/2020\\\/05\\\/bolsa-personalizada-mascarilla-15.jpg\",\"width\":850,\"height\":350},{\"@type\":\"BreadcrumbList\",\"@id\":\"https:\\\/\\\/www.todoinvitacion.com\\\/blog\\\/bolsas-personalizadas-para-mascarillas-cuida-de-los-tuyos\\\/#breadcrumb\",\"itemListElement\":[{\"@type\":\"ListItem\",\"position\":1,\"name\":\"Portada\",\"item\":\"https:\\\/\\\/www.todoinvitacion.com\\\/blog\\\/\"},{\"@type\":\"ListItem\",\"position\":2,\"name\":\"Porta mascarillas cart\u00f3n y bolsas personalizadas para mascarillas. La mejor forma de guardarlas\"}]},{\"@type\":\"WebSite\",\"@id\":\"https:\\\/\\\/www.todoinvitacion.com\\\/blog\\\/#website\",\"url\":\"https:\\\/\\\/www.todoinvitacion.com\\\/blog\\\/\",\"name\":\"invitaciones y detalles originales\",\"description\":\"invitaciones y detalles originales y unicos\",\"publisher\":{\"@id\":\"https:\\\/\\\/www.todoinvitacion.com\\\/blog\\\/#organization\"},\"potentialAction\":[{\"@type\":\"SearchAction\",\"target\":{\"@type\":\"EntryPoint\",\"urlTemplate\":\"https:\\\/\\\/www.todoinvitacion.com\\\/blog\\\/?s={search_term_string}\"},\"query-input\":{\"@type\":\"PropertyValueSpecification\",\"valueRequired\":true,\"valueName\":\"search_term_string\"}}],\"inLanguage\":\"es\"},{\"@type\":\"Organization\",\"@id\":\"https:\\\/\\\/www.todoinvitacion.com\\\/blog\\\/#organization\",\"name\":\"todoinvitacion\",\"url\":\"https:\\\/\\\/www.todoinvitacion.com\\\/blog\\\/\",\"logo\":{\"@type\":\"ImageObject\",\"inLanguage\":\"es\",\"@id\":\"https:\\\/\\\/www.todoinvitacion.com\\\/blog\\\/#\\\/schema\\\/logo\\\/image\\\/\",\"url\":\"https:\\\/\\\/www.todoinvitacion.com\\\/blog\\\/wp-content\\\/uploads\\\/2018\\\/11\\\/logo20.png\",\"contentUrl\":\"https:\\\/\\\/www.todoinvitacion.com\\\/blog\\\/wp-content\\\/uploads\\\/2018\\\/11\\\/logo20.png\",\"width\":550,\"height\":126,\"caption\":\"todoinvitacion\"},\"image\":{\"@id\":\"https:\\\/\\\/www.todoinvitacion.com\\\/blog\\\/#\\\/schema\\\/logo\\\/image\\\/\"},\"sameAs\":[\"https:\\\/\\\/www.facebook.com\\\/todoinvitacion\",\"https:\\\/\\\/x.com\\\/todoinvitacion\",\"https:\\\/\\\/es.pinterest.com\\\/todoinvitacion\\\/\"]},{\"@type\":\"Person\",\"@id\":\"https:\\\/\\\/www.todoinvitacion.com\\\/blog\\\/#\\\/schema\\\/person\\\/c1b020963bffd2b54bf2611c90e74ed3\",\"name\":\"AngelaMaria\",\"image\":{\"@type\":\"ImageObject\",\"inLanguage\":\"es\",\"@id\":\"https:\\\/\\\/secure.gravatar.com\\\/avatar\\\/96dc21ebecc18687fedf6550270a8a79fa86da026968dbb200be6a52b9fac157?s=96&d=identicon&r=g\",\"url\":\"https:\\\/\\\/secure.gravatar.com\\\/avatar\\\/96dc21ebecc18687fedf6550270a8a79fa86da026968dbb200be6a52b9fac157?s=96&d=identicon&r=g\",\"contentUrl\":\"https:\\\/\\\/secure.gravatar.com\\\/avatar\\\/96dc21ebecc18687fedf6550270a8a79fa86da026968dbb200be6a52b9fac157?s=96&d=identicon&r=g\",\"caption\":\"AngelaMaria\"}}]}<\/script>\n<!-- \/ Yoast SEO plugin. -->","yoast_head_json":{"title":"\u25b7 Porta mascarillas cart\u00f3n y bolsas personalizadas para mascarillas. La mejor forma de guardarlas","description":"Bolsa de papel personalizadas para mascarillas y porta mascarillas con tu logo o tu texto \u2764\ufe0f. Protege a los tuyos. Todoinvitacion. Grandes ideas .","robots":{"index":"index","follow":"follow","max-snippet":"max-snippet:-1","max-image-preview":"max-image-preview:large","max-video-preview":"max-video-preview:-1"},"canonical":"https:\/\/www.todoinvitacion.com\/blog\/bolsas-personalizadas-para-mascarillas-cuida-de-los-tuyos\/","og_locale":"es_ES","og_type":"article","og_title":"\u25b7 Porta mascarillas cart\u00f3n y bolsas personalizadas para mascarillas. La mejor forma de guardarlas","og_description":"Bolsa de papel personalizadas para mascarillas y porta mascarillas con tu logo o tu texto \u2764\ufe0f. Protege a los tuyos. Todoinvitacion. Grandes ideas .","og_url":"https:\/\/www.todoinvitacion.com\/blog\/bolsas-personalizadas-para-mascarillas-cuida-de-los-tuyos\/","og_site_name":"invitaciones y detalles originales","article_publisher":"https:\/\/www.facebook.com\/todoinvitacion","article_published_time":"2020-05-26T13:00:07+00:00","article_modified_time":"2020-07-23T19:52:22+00:00","og_image":[{"width":850,"height":350,"url":"https:\/\/www.todoinvitacion.com\/blog\/wp-content\/uploads\/2020\/05\/bolsa-personalizada-mascarilla-15.jpg","type":"image\/jpeg"}],"author":"AngelaMaria","twitter_card":"summary_large_image","twitter_creator":"@todoinvitacion","twitter_site":"@todoinvitacion","twitter_misc":{"Escrito por":"AngelaMaria","Tiempo de lectura":"4 minutos"},"schema":{"@context":"https:\/\/schema.org","@graph":[{"@type":"Article","@id":"https:\/\/www.todoinvitacion.com\/blog\/bolsas-personalizadas-para-mascarillas-cuida-de-los-tuyos\/#article","isPartOf":{"@id":"https:\/\/www.todoinvitacion.com\/blog\/bolsas-personalizadas-para-mascarillas-cuida-de-los-tuyos\/"},"author":{"name":"AngelaMaria","@id":"https:\/\/www.todoinvitacion.com\/blog\/#\/schema\/person\/c1b020963bffd2b54bf2611c90e74ed3"},"headline":"Porta mascarillas cart\u00f3n y bolsas personalizadas para mascarillas. La mejor forma de guardarlas","datePublished":"2020-05-26T13:00:07+00:00","dateModified":"2020-07-23T19:52:22+00:00","mainEntityOfPage":{"@id":"https:\/\/www.todoinvitacion.com\/blog\/bolsas-personalizadas-para-mascarillas-cuida-de-los-tuyos\/"},"wordCount":737,"publisher":{"@id":"https:\/\/www.todoinvitacion.com\/blog\/#organization"},"image":{"@id":"https:\/\/www.todoinvitacion.com\/blog\/bolsas-personalizadas-para-mascarillas-cuida-de-los-tuyos\/#primaryimage"},"thumbnailUrl":"https:\/\/www.todoinvitacion.com\/blog\/wp-content\/uploads\/2020\/05\/bolsa-personalizada-mascarilla-15.jpg","articleSection":["Curiosidades","Detalles originales","Detalles para bautizo y comuni\u00f3n","Detalles para boda","General","Ideas inspiraci\u00f3n"],"inLanguage":"es"},{"@type":"WebPage","@id":"https:\/\/www.todoinvitacion.com\/blog\/bolsas-personalizadas-para-mascarillas-cuida-de-los-tuyos\/","url":"https:\/\/www.todoinvitacion.com\/blog\/bolsas-personalizadas-para-mascarillas-cuida-de-los-tuyos\/","name":"\u25b7 Porta mascarillas cart\u00f3n y bolsas personalizadas para mascarillas. La mejor forma de guardarlas","isPartOf":{"@id":"https:\/\/www.todoinvitacion.com\/blog\/#website"},"primaryImageOfPage":{"@id":"https:\/\/www.todoinvitacion.com\/blog\/bolsas-personalizadas-para-mascarillas-cuida-de-los-tuyos\/#primaryimage"},"image":{"@id":"https:\/\/www.todoinvitacion.com\/blog\/bolsas-personalizadas-para-mascarillas-cuida-de-los-tuyos\/#primaryimage"},"thumbnailUrl":"https:\/\/www.todoinvitacion.com\/blog\/wp-content\/uploads\/2020\/05\/bolsa-personalizada-mascarilla-15.jpg","datePublished":"2020-05-26T13:00:07+00:00","dateModified":"2020-07-23T19:52:22+00:00","description":"Bolsa de papel personalizadas para mascarillas y porta mascarillas con tu logo o tu texto \u2764\ufe0f. Protege a los tuyos. Todoinvitacion. Grandes ideas .","breadcrumb":{"@id":"https:\/\/www.todoinvitacion.com\/blog\/bolsas-personalizadas-para-mascarillas-cuida-de-los-tuyos\/#breadcrumb"},"inLanguage":"es","potentialAction":[{"@type":"ReadAction","target":["https:\/\/www.todoinvitacion.com\/blog\/bolsas-personalizadas-para-mascarillas-cuida-de-los-tuyos\/"]}]},{"@type":"ImageObject","inLanguage":"es","@id":"https:\/\/www.todoinvitacion.com\/blog\/bolsas-personalizadas-para-mascarillas-cuida-de-los-tuyos\/#primaryimage","url":"https:\/\/www.todoinvitacion.com\/blog\/wp-content\/uploads\/2020\/05\/bolsa-personalizada-mascarilla-15.jpg","contentUrl":"https:\/\/www.todoinvitacion.com\/blog\/wp-content\/uploads\/2020\/05\/bolsa-personalizada-mascarilla-15.jpg","width":850,"height":350},{"@type":"BreadcrumbList","@id":"https:\/\/www.todoinvitacion.com\/blog\/bolsas-personalizadas-para-mascarillas-cuida-de-los-tuyos\/#breadcrumb","itemListElement":[{"@type":"ListItem","position":1,"name":"Portada","item":"https:\/\/www.todoinvitacion.com\/blog\/"},{"@type":"ListItem","position":2,"name":"Porta mascarillas cart\u00f3n y bolsas personalizadas para mascarillas. La mejor forma de guardarlas"}]},{"@type":"WebSite","@id":"https:\/\/www.todoinvitacion.com\/blog\/#website","url":"https:\/\/www.todoinvitacion.com\/blog\/","name":"invitaciones y detalles originales","description":"invitaciones y detalles originales y unicos","publisher":{"@id":"https:\/\/www.todoinvitacion.com\/blog\/#organization"},"potentialAction":[{"@type":"SearchAction","target":{"@type":"EntryPoint","urlTemplate":"https:\/\/www.todoinvitacion.com\/blog\/?s={search_term_string}"},"query-input":{"@type":"PropertyValueSpecification","valueRequired":true,"valueName":"search_term_string"}}],"inLanguage":"es"},{"@type":"Organization","@id":"https:\/\/www.todoinvitacion.com\/blog\/#organization","name":"todoinvitacion","url":"https:\/\/www.todoinvitacion.com\/blog\/","logo":{"@type":"ImageObject","inLanguage":"es","@id":"https:\/\/www.todoinvitacion.com\/blog\/#\/schema\/logo\/image\/","url":"https:\/\/www.todoinvitacion.com\/blog\/wp-content\/uploads\/2018\/11\/logo20.png","contentUrl":"https:\/\/www.todoinvitacion.com\/blog\/wp-content\/uploads\/2018\/11\/logo20.png","width":550,"height":126,"caption":"todoinvitacion"},"image":{"@id":"https:\/\/www.todoinvitacion.com\/blog\/#\/schema\/logo\/image\/"},"sameAs":["https:\/\/www.facebook.com\/todoinvitacion","https:\/\/x.com\/todoinvitacion","https:\/\/es.pinterest.com\/todoinvitacion\/"]},{"@type":"Person","@id":"https:\/\/www.todoinvitacion.com\/blog\/#\/schema\/person\/c1b020963bffd2b54bf2611c90e74ed3","name":"AngelaMaria","image":{"@type":"ImageObject","inLanguage":"es","@id":"https:\/\/secure.gravatar.com\/avatar\/96dc21ebecc18687fedf6550270a8a79fa86da026968dbb200be6a52b9fac157?s=96&d=identicon&r=g","url":"https:\/\/secure.gravatar.com\/avatar\/96dc21ebecc18687fedf6550270a8a79fa86da026968dbb200be6a52b9fac157?s=96&d=identicon&r=g","contentUrl":"https:\/\/secure.gravatar.com\/avatar\/96dc21ebecc18687fedf6550270a8a79fa86da026968dbb200be6a52b9fac157?s=96&d=identicon&r=g","caption":"AngelaMaria"}}]}},"_links":{"self":[{"href":"https:\/\/www.todoinvitacion.com\/blog\/wp-json\/wp\/v2\/posts\/9241","targetHints":{"allow":["GET"]}}],"collection":[{"href":"https:\/\/www.todoinvitacion.com\/blog\/wp-json\/wp\/v2\/posts"}],"about":[{"href":"https:\/\/www.todoinvitacion.com\/blog\/wp-json\/wp\/v2\/types\/post"}],"author":[{"embeddable":true,"href":"https:\/\/www.todoinvitacion.com\/blog\/wp-json\/wp\/v2\/users\/17"}],"replies":[{"embeddable":true,"href":"https:\/\/www.todoinvitacion.com\/blog\/wp-json\/wp\/v2\/comments?post=9241"}],"version-history":[{"count":10,"href":"https:\/\/www.todoinvitacion.com\/blog\/wp-json\/wp\/v2\/posts\/9241\/revisions"}],"predecessor-version":[{"id":9295,"href":"https:\/\/www.todoinvitacion.com\/blog\/wp-json\/wp\/v2\/posts\/9241\/revisions\/9295"}],"wp:featuredmedia":[{"embeddable":true,"href":"https:\/\/www.todoinvitacion.com\/blog\/wp-json\/wp\/v2\/media\/9252"}],"wp:attachment":[{"href":"https:\/\/www.todoinvitacion.com\/blog\/wp-json\/wp\/v2\/media?parent=9241"}],"wp:term":[{"taxonomy":"category","embeddable":true,"href":"https:\/\/www.todoinvitacion.com\/blog\/wp-json\/wp\/v2\/categories?post=9241"},{"taxonomy":"post_tag","embeddable":true,"href":"https:\/\/www.todoinvitacion.com\/blog\/wp-json\/wp\/v2\/tags?post=9241"}],"curies":[{"name":"wp","href":"https:\/\/api.w.org\/{rel}","templated":true}]}}